{"id":1,"date":"2020-04-02T09:23:00","date_gmt":"2020-04-02T06:23:00","guid":{"rendered":"https:\/\/droneteam.lt\/?p=1"},"modified":"2020-07-09T13:45:26","modified_gmt":"2020-07-09T10:45:26","slug":"vilniaus-stebejimas-dronais-karantino-metu","status":"publish","type":"post","link":"https:\/\/droneteam.lt\/lt\/2020\/04\/02\/vilniaus-stebejimas-dronais-karantino-metu\/","title":{"rendered":"Padedame Vilniaus m. savivaldybei kovoje su &#8220;COVID-19&#8221;"},"content":{"rendered":"<p>\u0160alyje \u012fvedus karantin\u0105, &#8220;DRONETEAM&#8221; prisijung\u0117 prie Gedimino legiono savanori\u0173 komandos. Kartu su Vilniaus miesto savivaldybe mes jau vykdome skryd\u017eius vir\u0161 \u012fvairi\u0173 miesto viet\u0173, vardan m\u016bs\u0173 vis\u0173 saugumo. <\/p>\n\n\n\n<figure class=\"wp-block-embed-facebook wp-block-embed is-type-video is-provider-facebook\"><div class=\"wp-block-embed__wrapper\">\n<div id=\"fb-root\"><\/div><script async=\"1\" defer=\"1\" crossorigin=\"anonymous\" src=\"https:\/\/connect.facebook.net\/lt_LT\/sdk.js#xfbml=1&amp;version=v7.0\" nonce=\"t4WZUZGp\"><\/script><div class=\"fb-video\" data-href=\"https:\/\/www.facebook.com\/droneteam.lt\/videos\/541204873441187\/\" data-width=\"750\"><blockquote cite=\"https:\/\/www.facebook.com\/droneteam.lt\/videos\/541204873441187\/\" class=\"fb-xfbml-parse-ignore\"><a href=\"https:\/\/www.facebook.com\/droneteam.lt\/videos\/541204873441187\/\">DRONAI VILNIUJE (COVID-19)<\/a><p>Vilniaus miesto savivaldyb\u0117s ekstremalios situacijos operacij\u0173 centro ir DRONETEAM kasdienyb\u0117.<\/p>Posted by <a href=\"https:\/\/www.facebook.com\/droneteam.lt\/\">DRONETEAM<\/a> on 2020 m. baland\u017eio 13 d., pirmadienis<\/blockquote><\/div>\n<\/div><\/figure>\n\n\n\n<p>Karantinas i\u0161 auk\u0161\u010diau matosi kuo puikiausiai &#8211; patruliuoja 6 savanori\u0173 valdomi dronai, ta\u010diau netrukus kils ir daugiau. Dronai padeda pasteb\u0117ti vietas, kur b\u016briuojasi \u017emon\u0117s, jiems siun\u010dia garso \u012fra\u0161us, \u012f tokias vietas operatyviai atvyksta vie\u0161osios tvarkos pareig\u016bnai. \u0160iuo metu daugiau d\u0117mesio skiriam parkams ir \u017eaidim\u0173 aik\u0161tel\u0117ms, kur vis dar pasitaiko \u017emoni\u0173 susib\u016brim\u0173. Dron\u0173 filmuojamas vaizdas tiesiogiai transliuojamas \u012f m\u016bs\u0173 &#8220;Ekstremali\u0173 situacij\u0173 operacij\u0173 centr\u0105&#8221;, kuris koordinuoja, kur nusi\u0173sti vie\u0161osios tvarkos patrulius arba \u012f pagalb\u0105 pasikviesti policij\u0105. Planuojame numatyti ir daugiau funkcij\u0173 dronams: ne tik steb\u0117ti, bet taip pat testuojam ir skraju\u010di\u0173 dalinim\u0105 bei maisto krovini\u0173 gabenim\u0105.<\/p>\n\n\n\n<figure class=\"wp-block-embed-facebook wp-block-embed is-type-video is-provider-facebook\"><div class=\"wp-block-embed__wrapper\">\n<div id=\"fb-root\"><\/div><script async=\"1\" defer=\"1\" crossorigin=\"anonymous\" src=\"https:\/\/connect.facebook.net\/lt_LT\/sdk.js#xfbml=1&amp;version=v7.0\" nonce=\"5d2m3YM6\"><\/script><div class=\"fb-video\" data-href=\"https:\/\/www.facebook.com\/vilnius.lt\/videos\/514119156162954\/\" data-width=\"750\"><blockquote cite=\"https:\/\/www.facebook.com\/vilnius.lt\/videos\/514119156162954\/\" class=\"fb-xfbml-parse-ignore\"><a href=\"https:\/\/www.facebook.com\/vilnius.lt\/videos\/514119156162954\/\"><\/a><p>Galb\u016bt pasteb\u0117jote, galb\u016bt ir ne, bet \u0161iomis dienomis po Vilni\u0173 patruliuoja ne tik pareig\u016bnai ie\u0161kantys asmen\u0173, pa\u017eeid\u017eian\u010di\u0173 karantino taisykles, bet ir keli dronai.\u0160iandien ir ateinan\u010dias kelias dienai orai tikrai labai kvies i\u0161ki\u0161ti nos\u012f \u012f lauk\u0105, tad vardan j\u016bs\u0173 ir m\u016bs\u0173 saugumo, pasitelksime \u012f pagalb\u0105 dronus, kurie pad\u0117s steb\u0117ti vietas, kuriose gali b\u016briuotis \u017emon\u0117s, o juos pasteb\u0117jus \u2013 paleisime garsin\u0119 informacij\u0105, apie saviizoliacijos b\u016btinum\u0105. Dron\u0173 filmuojamas vaizdas tiesiogiai transliuojamas \u012f Vilniaus miesto savivaldyb\u0117s Ekstremali\u0173 situacij\u0173 operacij\u0173 centr\u0105, kuris koordinuoja, kur nusi\u0173sti vie\u0161osios tvarkos patrulius arba \u012f pagalb\u0105 pasikviesti policij\u0105.Likite saug\u016bs ir likite namie!A\u010di\u016b savanoriams i\u0161 DRONETEAM!<\/p>Posted by <a href=\"https:\/\/www.facebook.com\/vilnius.lt\/\">Vilniaus miesto savivaldyb\u0117<\/a> on 2020 m. baland\u017eio 5 d., sekmadienis<\/blockquote><\/div>\n<\/div><\/figure>\n\n\n\n<p>Tai ko gero, neeilinis projektas ne tik Vilniuje ar Lietuvoje, bet gal net ir pasaulyje.  I\u0161ties, \u0161i\u0173 dien\u0173 galimyb\u0117s neribotos ir leid\u017eia komandai per atstum\u0105 vykdyti misijas. Pilotams net neb\u016btina i\u0161eiti i\u0161 nam\u0173&#8230; \u0160iandienos situacija pasaulyje &#8220;on the bright side&#8221; duoda prover\u017e\u012f susiburti \u012f komand\u0105, dirbti drauge ir pasiekti ka\u017eko ne\u012ftik\u0117tino. A\u010di\u016b savivaldybei u\u017e galimyb\u0119 glaud\u017eiai bendradarbiauti. Elkim\u0117s atsakingai, saugokime vieni kitus likdami namie!<\/p>\n\n\n\n<p><\/p>","protected":false},"excerpt":{"rendered":"<p>\u0160alyje \u012fvedus karantin\u0105, &#8220;DRONETEAM&#8221; prisijung\u0117 prie Gedimino legiono savanori\u0173 komandos. Kartu su Vilniaus miesto savivaldybe mes jau vykdome skryd\u017eius vir\u0161 \u012fvairi\u0173 miesto viet\u0173, vardan m\u016bs\u0173 vis\u0173 saugumo. Karantinas i\u0161 auk\u0161\u010diau matosi kuo puikiausiai &#8211; patruliuoja 6 savanori\u0173 valdomi dronai, ta\u010diau netrukus kils ir daugiau. Dronai padeda pasteb\u0117ti vietas, kur b\u016briuojasi [&hellip;]<\/p>","protected":false},"author":2,"featured_media":4532,"comment_status":"closed","ping_status":"closed","sticky":false,"template":"","format":"standard","meta":[],"categories":[37],"tags":[],"jetpack_featured_media_url":"https:\/\/droneteam.lt\/wp-content\/uploads\/2019\/07\/92462767_10222007189752638_4058804116887961600_o.jpg","uagb_featured_image_src":{"full":["https:\/\/droneteam.lt\/wp-content\/uploads\/2019\/07\/92462767_10222007189752638_4058804116887961600_o.jpg",1875,1251,false],"thumbnail":["https:\/\/droneteam.lt\/wp-content\/uploads\/2019\/07\/92462767_10222007189752638_4058804116887961600_o.jpg",150,100,false],"medium":["https:\/\/droneteam.lt\/wp-content\/uploads\/2019\/07\/92462767_10222007189752638_4058804116887961600_o.jpg",300,200,false],"medium_large":["https:\/\/droneteam.lt\/wp-content\/uploads\/2019\/07\/92462767_10222007189752638_4058804116887961600_o.jpg",750,500,false],"large":["https:\/\/droneteam.lt\/wp-content\/uploads\/2019\/07\/92462767_10222007189752638_4058804116887961600_o.jpg",750,500,false],"1536x1536":["https:\/\/droneteam.lt\/wp-content\/uploads\/2019\/07\/92462767_10222007189752638_4058804116887961600_o.jpg",1536,1025,false],"2048x2048":["https:\/\/droneteam.lt\/wp-content\/uploads\/2019\/07\/92462767_10222007189752638_4058804116887961600_o.jpg",1875,1251,false],"trp-custom-language-flag":["https:\/\/droneteam.lt\/wp-content\/uploads\/2019\/07\/92462767_10222007189752638_4058804116887961600_o.jpg",16,12,false],"hestia-blog":["https:\/\/droneteam.lt\/wp-content\/uploads\/2019\/07\/92462767_10222007189752638_4058804116887961600_o.jpg",360,240,false]},"uagb_author_info":{"display_name":"erikas","author_link":"https:\/\/droneteam.lt\/lt\/author\/erikas\/"},"uagb_comment_info":0,"uagb_excerpt":"\u0160alyje \u012fvedus karantin\u0105, &#8220;DRONETEAM&#8221; prisijung\u0117 prie Gedimino legiono savanori\u0173 komandos. Kartu su Vilniaus miesto savivaldybe mes jau vykdome skryd\u017eius vir\u0161 \u012fvairi\u0173 miesto viet\u0173, vardan m\u016bs\u0173 vis\u0173 saugumo. Karantinas i\u0161 auk\u0161\u010diau matosi kuo puikiausiai &#8211; patruliuoja 6 savanori\u0173 valdomi dronai, ta\u010diau netrukus kils ir daugiau. Dronai padeda pasteb\u0117ti vietas, kur b\u016briuojasi [&hellip;]","_links":{"self":[{"href":"https:\/\/droneteam.lt\/lt\/wp-json\/wp\/v2\/posts\/1"}],"collection":[{"href":"https:\/\/droneteam.lt\/lt\/wp-json\/wp\/v2\/posts"}],"about":[{"href":"https:\/\/droneteam.lt\/lt\/wp-json\/wp\/v2\/types\/post"}],"author":[{"embeddable":true,"href":"https:\/\/droneteam.lt\/lt\/wp-json\/wp\/v2\/users\/2"}],"replies":[{"embeddable":true,"href":"https:\/\/droneteam.lt\/lt\/wp-json\/wp\/v2\/comments?post=1"}],"version-history":[{"count":5,"href":"https:\/\/droneteam.lt\/lt\/wp-json\/wp\/v2\/posts\/1\/revisions"}],"predecessor-version":[{"id":4552,"href":"https:\/\/droneteam.lt\/lt\/wp-json\/wp\/v2\/posts\/1\/revisions\/4552"}],"wp:featuredmedia":[{"embeddable":true,"href":"https:\/\/droneteam.lt\/lt\/wp-json\/wp\/v2\/media\/4532"}],"wp:attachment":[{"href":"https:\/\/droneteam.lt\/lt\/wp-json\/wp\/v2\/media?parent=1"}],"wp:term":[{"taxonomy":"category","embeddable":true,"href":"https:\/\/droneteam.lt\/lt\/wp-json\/wp\/v2\/categories?post=1"},{"taxonomy":"post_tag","embeddable":true,"href":"https:\/\/droneteam.lt\/lt\/wp-json\/wp\/v2\/tags?post=1"}],"curies":[{"name":"wp","href":"https:\/\/api.w.org\/{rel}","templated":true}]}}